{"id":5548,"date":"2017-03-17T12:05:40","date_gmt":"2017-03-17T11:05:40","guid":{"rendered":"https:\/\/luxinternational.com\/2017\/03\/miert-erdemes-parasitani-a-belteri-levegot\/"},"modified":"2024-06-03T16:31:25","modified_gmt":"2024-06-03T14:31:25","slug":"miert-erdemes-parasitani-a-belteri-levegot","status":"publish","type":"post","link":"https:\/\/luxinternational.com\/hu\/2017\/03\/miert-erdemes-parasitani-a-belteri-levegot\/","title":{"rendered":"Mi\u00e9rt \u00e9rdemes p\u00e1r\u00e1s\u00edtani a belt\u00e9ri leveg\u0151t?"},"content":{"rendered":"<div class=\"fusion-fullwidth fullwidth-box fusion-builder-row-1 fusion-flex-container has-pattern-background has-mask-background nonhundred-percent-fullwidth non-hundred-percent-height-scrolling\" style=\"--awb-border-radius-top-left:0px;--awb-border-radius-top-right:0px;--awb-border-radius-bottom-right:0px;--awb-border-radius-bottom-left:0px;--awb-padding-right:0px;--awb-padding-left:0px;--awb-flex-wrap:wrap;\" ><div class=\"fusion-builder-row fusion-row fusion-flex-align-items-flex-start fusion-flex-content-wrap\" style=\"max-width:1372.8px;margin-left: calc(-4% \/ 2 );margin-right: calc(-4% \/ 2 );\"><div class=\"fusion-layout-column fusion_builder_column fusion-builder-column-0 fusion_builder_column_1_1 1_1 fusion-flex-column\" style=\"--awb-bg-size:cover;--awb-width-large:100%;--awb-margin-top-large:0px;--awb-spacing-right-large:1.92%;--awb-margin-bottom-large:0px;--awb-spacing-left-large:1.92%;--awb-width-medium:100%;--awb-order-medium:0;--awb-spacing-right-medium:1.92%;--awb-spacing-left-medium:1.92%;--awb-width-small:100%;--awb-order-small:0;--awb-spacing-right-small:1.92%;--awb-spacing-left-small:1.92%;\"><div class=\"fusion-column-wrapper fusion-column-has-shadow fusion-flex-justify-content-flex-start fusion-content-layout-column\"><div class=\"fusion-text fusion-text-1 fusion-text-no-margin\" style=\"--awb-margin-top:20px;--awb-margin-bottom:40px;\"><p>Amikor a k\u00fclt\u00e9ri h\u0151m\u00e9rs\u00e9klet cs\u00f6kken, a nedvess\u00e9g \u00e9s a p\u00e1ratartalom otthon\u00e1ban a kellemesb\u0151l gyorsan sz\u00e1razra v\u00e1ltozhat.<\/p>\n<p>Ha a megtiszt\u00edtott leveg\u0151 megfelel\u0151 mennyis\u00e9g\u0171 p\u00e1ratartalommal gazdagodik, az eg\u00e9szs\u00e9g\u00fcgyi el\u0151ny\u00f6k jelent\u0151sen megn\u0151nek.<\/p>\n<ul>\n<li>a p\u00e1r\u00e1s\u00edt\u00f3b\u00f3l felszabadul\u00f3 v\u00edzr\u00e9szecsk\u00e9k meg tudj\u00e1k fogni a leveg\u0151ben l\u00e9v\u0151 k\u00e1ros bakt\u00e9riumokat, ami cs\u00f6kkenti a l\u00e9gutakba jut\u00e1s kock\u00e1zat\u00e1t.<\/li>\n<li>az 50%-os p\u00e1ratartalom jelent\u0151sen cs\u00f6kkenti a v\u00edrusfert\u0151z\u00e9sek kock\u00e1zat\u00e1t.<\/li>\n<li>k\u00fcl\u00f6n\u00f6sen a hideg t\u00e9li napokon a v\u00edzp\u00e1ra kellemes \u00e9s pihentet\u0151 hangulatot teremt a szob\u00e1ban.<\/li>\n<li>a leveg\u0151 megfelel\u0151 p\u00e1ratartalma biztos\u00edtja a b\u0151r eg\u00e9szs\u00e9ges nedvess\u00e9g\u00e9t, \u00e9s megel\u0151zi a b\u0151r sz\u00e1mos irrit\u00e1ci\u00f3j\u00e1t.<\/li>\n<li>a leveg\u0151 p\u00e1ratartalma hozz\u00e1j\u00e1rul a n\u00f6v\u00e9nyek eg\u00e9szs\u00e9g\u00e9hez, valamint a fab\u00fatorok meg\u0151rz\u00e9s\u00e9hez.<\/li>\n<\/ul>\n<p>Hogyan v\u00e1lasszuk ki a megfelel\u0151 p\u00e1r\u00e1s\u00edt\u00f3t?<\/p>\n<p>Van n\u00e9h\u00e1ny szempont, amelyet szem el\u0151tt kell tartania, amikor az \u00d6n ig\u00e9nyeinek legink\u00e1bb megfelel\u0151 p\u00e1r\u00e1s\u00edt\u00f3t szeretn\u00e9 kiv\u00e1lasztani:<\/p>\n<ul>\n<li>hat\u00e9kony technol\u00f3gia<\/li>\n<li>energiafogyaszt\u00e1s<\/li>\n<li>\u00f6sszeszerel\u00e9s \u00e9s karbantart\u00e1s<\/li>\n<li>zajkibocs\u00e1t\u00e1s<\/li>\n<li>biztons\u00e1g a gyermekek sz\u00e1m\u00e1ra, nincs f\u0171t\u00e9s, nincs forr\u00f3 k\u00f6d<\/li>\n<li>a szoba m\u00e9rete<\/li>\n<\/ul>\n<\/div><\/div><\/div><\/div><\/div>\n","protected":false},"excerpt":{"rendered":"","protected":false},"author":1,"featured_media":5376,"comment_status":"open","ping_status":"open","sticky":false,"template":"","format":"standard","meta":{"_acf_changed":false,"footnotes":""},"categories":[68],"tags":[79,80],"class_list":["post-5548","post","type-post","status-publish","format-standard","has-post-thumbnail","hentry","category-unkategorisiert","tag-blog-hu","tag-felejtsd-el-a-megfazast-es-az-influenzat"],"acf":[],"_links":{"self":[{"href":"https:\/\/luxinternational.com\/hu\/wp-json\/wp\/v2\/posts\/5548","targetHints":{"allow":["GET"]}}],"collection":[{"href":"https:\/\/luxinternational.com\/hu\/wp-json\/wp\/v2\/posts"}],"about":[{"href":"https:\/\/luxinternational.com\/hu\/wp-json\/wp\/v2\/types\/post"}],"author":[{"embeddable":true,"href":"https:\/\/luxinternational.com\/hu\/wp-json\/wp\/v2\/users\/1"}],"replies":[{"embeddable":true,"href":"https:\/\/luxinternational.com\/hu\/wp-json\/wp\/v2\/comments?post=5548"}],"version-history":[{"count":0,"href":"https:\/\/luxinternational.com\/hu\/wp-json\/wp\/v2\/posts\/5548\/revisions"}],"wp:featuredmedia":[{"embeddable":true,"href":"https:\/\/luxinternational.com\/hu\/wp-json\/wp\/v2\/media\/5376"}],"wp:attachment":[{"href":"https:\/\/luxinternational.com\/hu\/wp-json\/wp\/v2\/media?parent=5548"}],"wp:term":[{"taxonomy":"category","embeddable":true,"href":"https:\/\/luxinternational.com\/hu\/wp-json\/wp\/v2\/categories?post=5548"},{"taxonomy":"post_tag","embeddable":true,"href":"https:\/\/luxinternational.com\/hu\/wp-json\/wp\/v2\/tags?post=5548"}],"curies":[{"name":"wp","href":"https:\/\/api.w.org\/{rel}","templated":true}]}}